{"id":7677,"date":"2020-06-14T07:52:46","date_gmt":"2020-06-14T07:52:46","guid":{"rendered":"https:\/\/gerd-stauder.de\/?p=7677"},"modified":"2020-06-14T07:52:46","modified_gmt":"2020-06-14T07:52:46","slug":"abriss","status":"publish","type":"post","link":"https:\/\/gerd-stauder.de\/?p=7677","title":{"rendered":"Abriss"},"content":{"rendered":"\n<p>Lange Zeit war die Stra\u00dfe ein Symbol f\u00fcr aufstrebende Wirtschaft, Fortschritt und dynamische Abl\u00e4ufe. Aber der Gedanke da\u00df Kaufkraft durch die Stadt auf die andere Seite des Rheines flie\u00dft, hat nach meiner Ansicht dazu gef\u00fchrt, da\u00df man sich bei den Verantwortlichen der Stadt nicht gro\u00df bem\u00fcht hat, dieses Symbol zu herhalten.<br>Nach und nach wurde es immer weniger gepflegt bis es zu sp\u00e4t war. Schuld <br>daran ist auch eine Politik die nur Neuerungen finanziell unterst\u00fctzt, aber keine Instandsetzung.<br>&#8211; Dort gibt es ja auch keine Einweihungsfeiern mit Sekt und Fingerfoot &#8211;<br>Nun wird alles f\u00fcr noch mehr Geld abgerissen und neu gebaut, als der Neubau gekostet hat.<br>Nach langer \u00dcberlegung habe ich mich entschlossen einige Fotos von diesem traurigen Ereignis zu schie\u00dfen.<br>Die vielen Zaung\u00e4ste die in der Presse erw\u00e4hnt wurden habe ich nicht gefunden. Die meisten sa\u00dfen auf irgendwelchen Sitzm\u00f6glichkeiten auf dem Berliner Platz und gaben sich die Kante.<\/p>\n\n\n\n<figure class=\"wp-block-gallery columns-3 is-cropped wp-block-gallery-1 is-layout-flex wp-block-gallery-is-layout-flex\"><ul class=\"blocks-gallery-grid\"><li class=\"blocks-gallery-item\"><figure><a href=\"https:\/\/gerd-stauder.de\/wp-content\/uploads\/2020\/06\/Hochstra\u00dfen-Abriss-02.jpg\" data-lbwps-width=\"1169\" data-lbwps-height=\"826\" data-lbwps-srcsmall=\"https:\/\/gerd-stauder.de\/wp-content\/uploads\/2020\/06\/Hochstra\u00dfen-Abriss-02-600x424.jpg\"><img loading=\"lazy\" decoding=\"async\" width=\"1169\" height=\"826\" src=\"https:\/\/gerd-stauder.de\/wp-content\/uploads\/2020\/06\/Hochstra\u00dfen-Abriss-02.jpg\" alt=\"\" data-id=\"7656\" data-full-url=\"https:\/\/gerd-stauder.de\/wp-content\/uploads\/2020\/06\/Hochstra\u00dfen-Abriss-02.jpg\" data-link=\"https:\/\/gerd-stauder.de\/?attachment_id=7656\" class=\"wp-image-7656\" srcset=\"https:\/\/gerd-stauder.de\/wp-content\/uploads\/2020\/06\/Hochstra\u00dfen-Abriss-02.jpg 1169w, https:\/\/gerd-stauder.de\/wp-content\/uploads\/2020\/06\/Hochstra\u00dfen-Abriss-02-600x424.jpg 600w, https:\/\/gerd-stauder.de\/wp-content\/uploads\/2020\/06\/Hochstra\u00dfen-Abriss-02-768x543.jpg 768w, https:\/\/gerd-stauder.de\/wp-content\/uploads\/2020\/06\/Hochstra\u00dfen-Abriss-02-250x177.jpg 250w\" sizes=\"auto, (max-width: 1169px) 100vw, 1169px\" \/><\/a><\/figure><\/li><li class=\"blocks-gallery-item\"><figure><a href=\"https:\/\/gerd-stauder.de\/wp-content\/uploads\/2020\/06\/Hochstra\u00dfen-Abriss-13.jpg\" data-lbwps-width=\"1169\" data-lbwps-height=\"826\" data-lbwps-srcsmall=\"https:\/\/gerd-stauder.de\/wp-content\/uploads\/2020\/06\/Hochstra\u00dfen-Abriss-13-600x424.jpg\"><img loading=\"lazy\" decoding=\"async\" width=\"1169\" height=\"826\" src=\"https:\/\/gerd-stauder.de\/wp-content\/uploads\/2020\/06\/Hochstra\u00dfen-Abriss-13.jpg\" alt=\"\" data-id=\"7667\" data-full-url=\"https:\/\/gerd-stauder.de\/wp-content\/uploads\/2020\/06\/Hochstra\u00dfen-Abriss-13.jpg\" data-link=\"https:\/\/gerd-stauder.de\/?attachment_id=7667\" class=\"wp-image-7667\" srcset=\"https:\/\/gerd-stauder.de\/wp-content\/uploads\/2020\/06\/Hochstra\u00dfen-Abriss-13.jpg 1169w, https:\/\/gerd-stauder.de\/wp-content\/uploads\/2020\/06\/Hochstra\u00dfen-Abriss-13-600x424.jpg 600w, https:\/\/gerd-stauder.de\/wp-content\/uploads\/2020\/06\/Hochstra\u00dfen-Abriss-13-768x543.jpg 768w, https:\/\/gerd-stauder.de\/wp-content\/uploads\/2020\/06\/Hochstra\u00dfen-Abriss-13-250x177.jpg 250w\" sizes=\"auto, (max-width: 1169px) 100vw, 1169px\" \/><\/a><\/figure><\/li><li class=\"blocks-gallery-item\"><figure><a href=\"https:\/\/gerd-stauder.de\/wp-content\/uploads\/2020\/06\/Hochstra\u00dfen-Abriss-12.jpg\" data-lbwps-width=\"1169\" data-lbwps-height=\"826\" data-lbwps-srcsmall=\"https:\/\/gerd-stauder.de\/wp-content\/uploads\/2020\/06\/Hochstra\u00dfen-Abriss-12-600x424.jpg\"><img loading=\"lazy\" decoding=\"async\" width=\"1169\" height=\"826\" src=\"https:\/\/gerd-stauder.de\/wp-content\/uploads\/2020\/06\/Hochstra\u00dfen-Abriss-12.jpg\" alt=\"\" data-id=\"7666\" data-full-url=\"https:\/\/gerd-stauder.de\/wp-content\/uploads\/2020\/06\/Hochstra\u00dfen-Abriss-12.jpg\" data-link=\"https:\/\/gerd-stauder.de\/?attachment_id=7666\" class=\"wp-image-7666\" srcset=\"https:\/\/gerd-stauder.de\/wp-content\/uploads\/2020\/06\/Hochstra\u00dfen-Abriss-12.jpg 1169w, https:\/\/gerd-stauder.de\/wp-content\/uploads\/2020\/06\/Hochstra\u00dfen-Abriss-12-600x424.jpg 600w, https:\/\/gerd-stauder.de\/wp-content\/uploads\/2020\/06\/Hochstra\u00dfen-Abriss-12-768x543.jpg 768w, https:\/\/gerd-stauder.de\/wp-content\/uploads\/2020\/06\/Hochstra\u00dfen-Abriss-12-250x177.jpg 250w\" sizes=\"auto, (max-width: 1169px) 100vw, 1169px\" \/><\/a><\/figure><\/li><li class=\"blocks-gallery-item\"><figure><a href=\"https:\/\/gerd-stauder.de\/wp-content\/uploads\/2020\/06\/Hochstra\u00dfen-Abriss-11.jpg\" data-lbwps-width=\"1169\" data-lbwps-height=\"826\" data-lbwps-srcsmall=\"https:\/\/gerd-stauder.de\/wp-content\/uploads\/2020\/06\/Hochstra\u00dfen-Abriss-11-600x424.jpg\"><img loading=\"lazy\" decoding=\"async\" width=\"1169\" height=\"826\" src=\"https:\/\/gerd-stauder.de\/wp-content\/uploads\/2020\/06\/Hochstra\u00dfen-Abriss-11.jpg\" alt=\"\" data-id=\"7665\" data-full-url=\"https:\/\/gerd-stauder.de\/wp-content\/uploads\/2020\/06\/Hochstra\u00dfen-Abriss-11.jpg\" data-link=\"https:\/\/gerd-stauder.de\/?attachment_id=7665\" class=\"wp-image-7665\" srcset=\"https:\/\/gerd-stauder.de\/wp-content\/uploads\/2020\/06\/Hochstra\u00dfen-Abriss-11.jpg 1169w, https:\/\/gerd-stauder.de\/wp-content\/uploads\/2020\/06\/Hochstra\u00dfen-Abriss-11-600x424.jpg 600w, https:\/\/gerd-stauder.de\/wp-content\/uploads\/2020\/06\/Hochstra\u00dfen-Abriss-11-768x543.jpg 768w, https:\/\/gerd-stauder.de\/wp-content\/uploads\/2020\/06\/Hochstra\u00dfen-Abriss-11-250x177.jpg 250w\" sizes=\"auto, (max-width: 1169px) 100vw, 1169px\" \/><\/a><\/figure><\/li><li class=\"blocks-gallery-item\"><figure><a href=\"https:\/\/gerd-stauder.de\/wp-content\/uploads\/2020\/06\/Hochstra\u00dfen-Abriss-10.jpg\" data-lbwps-width=\"1169\" data-lbwps-height=\"826\" data-lbwps-srcsmall=\"https:\/\/gerd-stauder.de\/wp-content\/uploads\/2020\/06\/Hochstra\u00dfen-Abriss-10-600x424.jpg\"><img loading=\"lazy\" decoding=\"async\" width=\"1169\" height=\"826\" src=\"https:\/\/gerd-stauder.de\/wp-content\/uploads\/2020\/06\/Hochstra\u00dfen-Abriss-10.jpg\" alt=\"\" data-id=\"7664\" data-full-url=\"https:\/\/gerd-stauder.de\/wp-content\/uploads\/2020\/06\/Hochstra\u00dfen-Abriss-10.jpg\" data-link=\"https:\/\/gerd-stauder.de\/?attachment_id=7664\" class=\"wp-image-7664\" srcset=\"https:\/\/gerd-stauder.de\/wp-content\/uploads\/2020\/06\/Hochstra\u00dfen-Abriss-10.jpg 1169w, https:\/\/gerd-stauder.de\/wp-content\/uploads\/2020\/06\/Hochstra\u00dfen-Abriss-10-600x424.jpg 600w, https:\/\/gerd-stauder.de\/wp-content\/uploads\/2020\/06\/Hochstra\u00dfen-Abriss-10-768x543.jpg 768w, https:\/\/gerd-stauder.de\/wp-content\/uploads\/2020\/06\/Hochstra\u00dfen-Abriss-10-250x177.jpg 250w\" sizes=\"auto, (max-width: 1169px) 100vw, 1169px\" \/><\/a><\/figure><\/li><li class=\"blocks-gallery-item\"><figure><a href=\"https:\/\/gerd-stauder.de\/wp-content\/uploads\/2020\/06\/Hochstra\u00dfen-Abriss-09.jpg\" data-lbwps-width=\"1169\" data-lbwps-height=\"826\" data-lbwps-srcsmall=\"https:\/\/gerd-stauder.de\/wp-content\/uploads\/2020\/06\/Hochstra\u00dfen-Abriss-09-600x424.jpg\"><img loading=\"lazy\" decoding=\"async\" width=\"1169\" height=\"826\" src=\"https:\/\/gerd-stauder.de\/wp-content\/uploads\/2020\/06\/Hochstra\u00dfen-Abriss-09.jpg\" alt=\"\" data-id=\"7663\" data-full-url=\"https:\/\/gerd-stauder.de\/wp-content\/uploads\/2020\/06\/Hochstra\u00dfen-Abriss-09.jpg\" data-link=\"https:\/\/gerd-stauder.de\/?attachment_id=7663\" class=\"wp-image-7663\" srcset=\"https:\/\/gerd-stauder.de\/wp-content\/uploads\/2020\/06\/Hochstra\u00dfen-Abriss-09.jpg 1169w, https:\/\/gerd-stauder.de\/wp-content\/uploads\/2020\/06\/Hochstra\u00dfen-Abriss-09-600x424.jpg 600w, https:\/\/gerd-stauder.de\/wp-content\/uploads\/2020\/06\/Hochstra\u00dfen-Abriss-09-768x543.jpg 768w, https:\/\/gerd-stauder.de\/wp-content\/uploads\/2020\/06\/Hochstra\u00dfen-Abriss-09-250x177.jpg 250w\" sizes=\"auto, (max-width: 1169px) 100vw, 1169px\" \/><\/a><\/figure><\/li><li class=\"blocks-gallery-item\"><figure><a href=\"https:\/\/gerd-stauder.de\/wp-content\/uploads\/2020\/06\/Hochstra\u00dfen-Abriss-08.jpg\" data-lbwps-width=\"1169\" data-lbwps-height=\"826\" data-lbwps-srcsmall=\"https:\/\/gerd-stauder.de\/wp-content\/uploads\/2020\/06\/Hochstra\u00dfen-Abriss-08-600x424.jpg\"><img loading=\"lazy\" decoding=\"async\" width=\"1169\" height=\"826\" src=\"https:\/\/gerd-stauder.de\/wp-content\/uploads\/2020\/06\/Hochstra\u00dfen-Abriss-08.jpg\" alt=\"\" data-id=\"7662\" data-full-url=\"https:\/\/gerd-stauder.de\/wp-content\/uploads\/2020\/06\/Hochstra\u00dfen-Abriss-08.jpg\" data-link=\"https:\/\/gerd-stauder.de\/?attachment_id=7662\" class=\"wp-image-7662\" srcset=\"https:\/\/gerd-stauder.de\/wp-content\/uploads\/2020\/06\/Hochstra\u00dfen-Abriss-08.jpg 1169w, https:\/\/gerd-stauder.de\/wp-content\/uploads\/2020\/06\/Hochstra\u00dfen-Abriss-08-600x424.jpg 600w, https:\/\/gerd-stauder.de\/wp-content\/uploads\/2020\/06\/Hochstra\u00dfen-Abriss-08-768x543.jpg 768w, https:\/\/gerd-stauder.de\/wp-content\/uploads\/2020\/06\/Hochstra\u00dfen-Abriss-08-250x177.jpg 250w\" sizes=\"auto, (max-width: 1169px) 100vw, 1169px\" \/><\/a><\/figure><\/li><li class=\"blocks-gallery-item\"><figure><a href=\"https:\/\/gerd-stauder.de\/wp-content\/uploads\/2020\/06\/Hochstra\u00dfen-Abriss-07.jpg\" data-lbwps-width=\"1169\" data-lbwps-height=\"826\" data-lbwps-srcsmall=\"https:\/\/gerd-stauder.de\/wp-content\/uploads\/2020\/06\/Hochstra\u00dfen-Abriss-07-600x424.jpg\"><img loading=\"lazy\" decoding=\"async\" width=\"1169\" height=\"826\" src=\"https:\/\/gerd-stauder.de\/wp-content\/uploads\/2020\/06\/Hochstra\u00dfen-Abriss-07.jpg\" alt=\"\" data-id=\"7661\" data-full-url=\"https:\/\/gerd-stauder.de\/wp-content\/uploads\/2020\/06\/Hochstra\u00dfen-Abriss-07.jpg\" data-link=\"https:\/\/gerd-stauder.de\/?attachment_id=7661\" class=\"wp-image-7661\" srcset=\"https:\/\/gerd-stauder.de\/wp-content\/uploads\/2020\/06\/Hochstra\u00dfen-Abriss-07.jpg 1169w, https:\/\/gerd-stauder.de\/wp-content\/uploads\/2020\/06\/Hochstra\u00dfen-Abriss-07-600x424.jpg 600w, https:\/\/gerd-stauder.de\/wp-content\/uploads\/2020\/06\/Hochstra\u00dfen-Abriss-07-768x543.jpg 768w, https:\/\/gerd-stauder.de\/wp-content\/uploads\/2020\/06\/Hochstra\u00dfen-Abriss-07-250x177.jpg 250w\" sizes=\"auto, (max-width: 1169px) 100vw, 1169px\" \/><\/a><\/figure><\/li><li class=\"blocks-gallery-item\"><figure><a href=\"https:\/\/gerd-stauder.de\/wp-content\/uploads\/2020\/06\/Hochstra\u00dfen-Abriss-06.jpg\" data-lbwps-width=\"1169\" data-lbwps-height=\"826\" data-lbwps-srcsmall=\"https:\/\/gerd-stauder.de\/wp-content\/uploads\/2020\/06\/Hochstra\u00dfen-Abriss-06-600x424.jpg\"><img loading=\"lazy\" decoding=\"async\" width=\"1169\" height=\"826\" src=\"https:\/\/gerd-stauder.de\/wp-content\/uploads\/2020\/06\/Hochstra\u00dfen-Abriss-06.jpg\" alt=\"\" data-id=\"7660\" data-full-url=\"https:\/\/gerd-stauder.de\/wp-content\/uploads\/2020\/06\/Hochstra\u00dfen-Abriss-06.jpg\" data-link=\"https:\/\/gerd-stauder.de\/?attachment_id=7660\" class=\"wp-image-7660\" srcset=\"https:\/\/gerd-stauder.de\/wp-content\/uploads\/2020\/06\/Hochstra\u00dfen-Abriss-06.jpg 1169w, https:\/\/gerd-stauder.de\/wp-content\/uploads\/2020\/06\/Hochstra\u00dfen-Abriss-06-600x424.jpg 600w, https:\/\/gerd-stauder.de\/wp-content\/uploads\/2020\/06\/Hochstra\u00dfen-Abriss-06-768x543.jpg 768w, https:\/\/gerd-stauder.de\/wp-content\/uploads\/2020\/06\/Hochstra\u00dfen-Abriss-06-250x177.jpg 250w\" sizes=\"auto, (max-width: 1169px) 100vw, 1169px\" \/><\/a><\/figure><\/li><li class=\"blocks-gallery-item\"><figure><a href=\"https:\/\/gerd-stauder.de\/wp-content\/uploads\/2020\/06\/Hochstra\u00dfen-Abriss-05.jpg\" data-lbwps-width=\"1169\" data-lbwps-height=\"826\" data-lbwps-srcsmall=\"https:\/\/gerd-stauder.de\/wp-content\/uploads\/2020\/06\/Hochstra\u00dfen-Abriss-05-600x424.jpg\"><img loading=\"lazy\" decoding=\"async\" width=\"1169\" height=\"826\" src=\"https:\/\/gerd-stauder.de\/wp-content\/uploads\/2020\/06\/Hochstra\u00dfen-Abriss-05.jpg\" alt=\"\" data-id=\"7659\" data-full-url=\"https:\/\/gerd-stauder.de\/wp-content\/uploads\/2020\/06\/Hochstra\u00dfen-Abriss-05.jpg\" data-link=\"https:\/\/gerd-stauder.de\/?attachment_id=7659\" class=\"wp-image-7659\" srcset=\"https:\/\/gerd-stauder.de\/wp-content\/uploads\/2020\/06\/Hochstra\u00dfen-Abriss-05.jpg 1169w, https:\/\/gerd-stauder.de\/wp-content\/uploads\/2020\/06\/Hochstra\u00dfen-Abriss-05-600x424.jpg 600w, https:\/\/gerd-stauder.de\/wp-content\/uploads\/2020\/06\/Hochstra\u00dfen-Abriss-05-768x543.jpg 768w, https:\/\/gerd-stauder.de\/wp-content\/uploads\/2020\/06\/Hochstra\u00dfen-Abriss-05-250x177.jpg 250w\" sizes=\"auto, (max-width: 1169px) 100vw, 1169px\" \/><\/a><\/figure><\/li><li class=\"blocks-gallery-item\"><figure><a href=\"https:\/\/gerd-stauder.de\/wp-content\/uploads\/2020\/06\/Hochstra\u00dfen-Abriss-04.jpg\" data-lbwps-width=\"1169\" data-lbwps-height=\"826\" data-lbwps-srcsmall=\"https:\/\/gerd-stauder.de\/wp-content\/uploads\/2020\/06\/Hochstra\u00dfen-Abriss-04-600x424.jpg\"><img loading=\"lazy\" decoding=\"async\" width=\"1169\" height=\"826\" src=\"https:\/\/gerd-stauder.de\/wp-content\/uploads\/2020\/06\/Hochstra\u00dfen-Abriss-04.jpg\" alt=\"\" data-id=\"7658\" data-full-url=\"https:\/\/gerd-stauder.de\/wp-content\/uploads\/2020\/06\/Hochstra\u00dfen-Abriss-04.jpg\" data-link=\"https:\/\/gerd-stauder.de\/?attachment_id=7658\" class=\"wp-image-7658\" srcset=\"https:\/\/gerd-stauder.de\/wp-content\/uploads\/2020\/06\/Hochstra\u00dfen-Abriss-04.jpg 1169w, https:\/\/gerd-stauder.de\/wp-content\/uploads\/2020\/06\/Hochstra\u00dfen-Abriss-04-600x424.jpg 600w, https:\/\/gerd-stauder.de\/wp-content\/uploads\/2020\/06\/Hochstra\u00dfen-Abriss-04-768x543.jpg 768w, https:\/\/gerd-stauder.de\/wp-content\/uploads\/2020\/06\/Hochstra\u00dfen-Abriss-04-250x177.jpg 250w\" sizes=\"auto, (max-width: 1169px) 100vw, 1169px\" \/><\/a><\/figure><\/li><li class=\"blocks-gallery-item\"><figure><a href=\"https:\/\/gerd-stauder.de\/wp-content\/uploads\/2020\/06\/Hochstra\u00dfen-Abriss-03.jpg\" data-lbwps-width=\"1169\" data-lbwps-height=\"826\" data-lbwps-srcsmall=\"https:\/\/gerd-stauder.de\/wp-content\/uploads\/2020\/06\/Hochstra\u00dfen-Abriss-03-600x424.jpg\"><img loading=\"lazy\" decoding=\"async\" width=\"1169\" height=\"826\" src=\"https:\/\/gerd-stauder.de\/wp-content\/uploads\/2020\/06\/Hochstra\u00dfen-Abriss-03.jpg\" alt=\"\" data-id=\"7657\" data-full-url=\"https:\/\/gerd-stauder.de\/wp-content\/uploads\/2020\/06\/Hochstra\u00dfen-Abriss-03.jpg\" data-link=\"https:\/\/gerd-stauder.de\/?attachment_id=7657\" class=\"wp-image-7657\" srcset=\"https:\/\/gerd-stauder.de\/wp-content\/uploads\/2020\/06\/Hochstra\u00dfen-Abriss-03.jpg 1169w, https:\/\/gerd-stauder.de\/wp-content\/uploads\/2020\/06\/Hochstra\u00dfen-Abriss-03-600x424.jpg 600w, https:\/\/gerd-stauder.de\/wp-content\/uploads\/2020\/06\/Hochstra\u00dfen-Abriss-03-768x543.jpg 768w, https:\/\/gerd-stauder.de\/wp-content\/uploads\/2020\/06\/Hochstra\u00dfen-Abriss-03-250x177.jpg 250w\" sizes=\"auto, (max-width: 1169px) 100vw, 1169px\" \/><\/a><\/figure><\/li><li class=\"blocks-gallery-item\"><figure><a href=\"https:\/\/gerd-stauder.de\/wp-content\/uploads\/2020\/06\/Hochstra\u00dfen-Abriss-22.jpg\" data-lbwps-width=\"1169\" data-lbwps-height=\"826\" data-lbwps-srcsmall=\"https:\/\/gerd-stauder.de\/wp-content\/uploads\/2020\/06\/Hochstra\u00dfen-Abriss-22-600x424.jpg\"><img loading=\"lazy\" decoding=\"async\" width=\"1169\" height=\"826\" src=\"https:\/\/gerd-stauder.de\/wp-content\/uploads\/2020\/06\/Hochstra\u00dfen-Abriss-22.jpg\" alt=\"\" data-id=\"7676\" data-full-url=\"https:\/\/gerd-stauder.de\/wp-content\/uploads\/2020\/06\/Hochstra\u00dfen-Abriss-22.jpg\" data-link=\"https:\/\/gerd-stauder.de\/?attachment_id=7676\" class=\"wp-image-7676\" srcset=\"https:\/\/gerd-stauder.de\/wp-content\/uploads\/2020\/06\/Hochstra\u00dfen-Abriss-22.jpg 1169w, https:\/\/gerd-stauder.de\/wp-content\/uploads\/2020\/06\/Hochstra\u00dfen-Abriss-22-600x424.jpg 600w, https:\/\/gerd-stauder.de\/wp-content\/uploads\/2020\/06\/Hochstra\u00dfen-Abriss-22-768x543.jpg 768w, https:\/\/gerd-stauder.de\/wp-content\/uploads\/2020\/06\/Hochstra\u00dfen-Abriss-22-250x177.jpg 250w\" sizes=\"auto, (max-width: 1169px) 100vw, 1169px\" \/><\/a><\/figure><\/li><li class=\"blocks-gallery-item\"><figure><a href=\"https:\/\/gerd-stauder.de\/wp-content\/uploads\/2020\/06\/Hochstra\u00dfen-Abriss-21.jpg\" data-lbwps-width=\"1169\" data-lbwps-height=\"826\" data-lbwps-srcsmall=\"https:\/\/gerd-stauder.de\/wp-content\/uploads\/2020\/06\/Hochstra\u00dfen-Abriss-21-600x424.jpg\"><img loading=\"lazy\" decoding=\"async\" width=\"1169\" height=\"826\" src=\"https:\/\/gerd-stauder.de\/wp-content\/uploads\/2020\/06\/Hochstra\u00dfen-Abriss-21.jpg\" alt=\"\" data-id=\"7675\" data-full-url=\"https:\/\/gerd-stauder.de\/wp-content\/uploads\/2020\/06\/Hochstra\u00dfen-Abriss-21.jpg\" data-link=\"https:\/\/gerd-stauder.de\/?attachment_id=7675\" class=\"wp-image-7675\" srcset=\"https:\/\/gerd-stauder.de\/wp-content\/uploads\/2020\/06\/Hochstra\u00dfen-Abriss-21.jpg 1169w, https:\/\/gerd-stauder.de\/wp-content\/uploads\/2020\/06\/Hochstra\u00dfen-Abriss-21-600x424.jpg 600w, https:\/\/gerd-stauder.de\/wp-content\/uploads\/2020\/06\/Hochstra\u00dfen-Abriss-21-768x543.jpg 768w, https:\/\/gerd-stauder.de\/wp-content\/uploads\/2020\/06\/Hochstra\u00dfen-Abriss-21-250x177.jpg 250w\" sizes=\"auto, (max-width: 1169px) 100vw, 1169px\" \/><\/a><\/figure><\/li><li class=\"blocks-gallery-item\"><figure><a href=\"https:\/\/gerd-stauder.de\/wp-content\/uploads\/2020\/06\/Hochstra\u00dfen-Abriss-20.jpg\" data-lbwps-width=\"1169\" data-lbwps-height=\"826\" data-lbwps-srcsmall=\"https:\/\/gerd-stauder.de\/wp-content\/uploads\/2020\/06\/Hochstra\u00dfen-Abriss-20-600x424.jpg\"><img loading=\"lazy\" decoding=\"async\" width=\"1169\" height=\"826\" src=\"https:\/\/gerd-stauder.de\/wp-content\/uploads\/2020\/06\/Hochstra\u00dfen-Abriss-20.jpg\" alt=\"\" data-id=\"7674\" data-full-url=\"https:\/\/gerd-stauder.de\/wp-content\/uploads\/2020\/06\/Hochstra\u00dfen-Abriss-20.jpg\" data-link=\"https:\/\/gerd-stauder.de\/?attachment_id=7674\" class=\"wp-image-7674\" srcset=\"https:\/\/gerd-stauder.de\/wp-content\/uploads\/2020\/06\/Hochstra\u00dfen-Abriss-20.jpg 1169w, https:\/\/gerd-stauder.de\/wp-content\/uploads\/2020\/06\/Hochstra\u00dfen-Abriss-20-600x424.jpg 600w, https:\/\/gerd-stauder.de\/wp-content\/uploads\/2020\/06\/Hochstra\u00dfen-Abriss-20-768x543.jpg 768w, https:\/\/gerd-stauder.de\/wp-content\/uploads\/2020\/06\/Hochstra\u00dfen-Abriss-20-250x177.jpg 250w\" sizes=\"auto, (max-width: 1169px) 100vw, 1169px\" \/><\/a><\/figure><\/li><li class=\"blocks-gallery-item\"><figure><a href=\"https:\/\/gerd-stauder.de\/wp-content\/uploads\/2020\/06\/Hochstra\u00dfen-Abriss-19.jpg\" data-lbwps-width=\"1169\" data-lbwps-height=\"826\" data-lbwps-srcsmall=\"https:\/\/gerd-stauder.de\/wp-content\/uploads\/2020\/06\/Hochstra\u00dfen-Abriss-19-600x424.jpg\"><img loading=\"lazy\" decoding=\"async\" width=\"1169\" height=\"826\" src=\"https:\/\/gerd-stauder.de\/wp-content\/uploads\/2020\/06\/Hochstra\u00dfen-Abriss-19.jpg\" alt=\"\" data-id=\"7673\" data-full-url=\"https:\/\/gerd-stauder.de\/wp-content\/uploads\/2020\/06\/Hochstra\u00dfen-Abriss-19.jpg\" data-link=\"https:\/\/gerd-stauder.de\/?attachment_id=7673\" class=\"wp-image-7673\" srcset=\"https:\/\/gerd-stauder.de\/wp-content\/uploads\/2020\/06\/Hochstra\u00dfen-Abriss-19.jpg 1169w, https:\/\/gerd-stauder.de\/wp-content\/uploads\/2020\/06\/Hochstra\u00dfen-Abriss-19-600x424.jpg 600w, https:\/\/gerd-stauder.de\/wp-content\/uploads\/2020\/06\/Hochstra\u00dfen-Abriss-19-768x543.jpg 768w, https:\/\/gerd-stauder.de\/wp-content\/uploads\/2020\/06\/Hochstra\u00dfen-Abriss-19-250x177.jpg 250w\" sizes=\"auto, (max-width: 1169px) 100vw, 1169px\" \/><\/a><\/figure><\/li><li class=\"blocks-gallery-item\"><figure><a href=\"https:\/\/gerd-stauder.de\/wp-content\/uploads\/2020\/06\/Hochstra\u00dfen-Abriss-18.jpg\" data-lbwps-width=\"1169\" data-lbwps-height=\"826\" data-lbwps-srcsmall=\"https:\/\/gerd-stauder.de\/wp-content\/uploads\/2020\/06\/Hochstra\u00dfen-Abriss-18-600x424.jpg\"><img loading=\"lazy\" decoding=\"async\" width=\"1169\" height=\"826\" src=\"https:\/\/gerd-stauder.de\/wp-content\/uploads\/2020\/06\/Hochstra\u00dfen-Abriss-18.jpg\" alt=\"\" data-id=\"7672\" data-full-url=\"https:\/\/gerd-stauder.de\/wp-content\/uploads\/2020\/06\/Hochstra\u00dfen-Abriss-18.jpg\" data-link=\"https:\/\/gerd-stauder.de\/?attachment_id=7672\" class=\"wp-image-7672\" srcset=\"https:\/\/gerd-stauder.de\/wp-content\/uploads\/2020\/06\/Hochstra\u00dfen-Abriss-18.jpg 1169w, https:\/\/gerd-stauder.de\/wp-content\/uploads\/2020\/06\/Hochstra\u00dfen-Abriss-18-600x424.jpg 600w, https:\/\/gerd-stauder.de\/wp-content\/uploads\/2020\/06\/Hochstra\u00dfen-Abriss-18-768x543.jpg 768w, https:\/\/gerd-stauder.de\/wp-content\/uploads\/2020\/06\/Hochstra\u00dfen-Abriss-18-250x177.jpg 250w\" sizes=\"auto, (max-width: 1169px) 100vw, 1169px\" \/><\/a><\/figure><\/li><li class=\"blocks-gallery-item\"><figure><a href=\"https:\/\/gerd-stauder.de\/wp-content\/uploads\/2020\/06\/Hochstra\u00dfen-Abriss-17.jpg\" data-lbwps-width=\"1169\" data-lbwps-height=\"826\" data-lbwps-srcsmall=\"https:\/\/gerd-stauder.de\/wp-content\/uploads\/2020\/06\/Hochstra\u00dfen-Abriss-17-600x424.jpg\"><img loading=\"lazy\" decoding=\"async\" width=\"1169\" height=\"826\" src=\"https:\/\/gerd-stauder.de\/wp-content\/uploads\/2020\/06\/Hochstra\u00dfen-Abriss-17.jpg\" alt=\"\" data-id=\"7671\" data-full-url=\"https:\/\/gerd-stauder.de\/wp-content\/uploads\/2020\/06\/Hochstra\u00dfen-Abriss-17.jpg\" data-link=\"https:\/\/gerd-stauder.de\/?attachment_id=7671\" class=\"wp-image-7671\" srcset=\"https:\/\/gerd-stauder.de\/wp-content\/uploads\/2020\/06\/Hochstra\u00dfen-Abriss-17.jpg 1169w, https:\/\/gerd-stauder.de\/wp-content\/uploads\/2020\/06\/Hochstra\u00dfen-Abriss-17-600x424.jpg 600w, https:\/\/gerd-stauder.de\/wp-content\/uploads\/2020\/06\/Hochstra\u00dfen-Abriss-17-768x543.jpg 768w, https:\/\/gerd-stauder.de\/wp-content\/uploads\/2020\/06\/Hochstra\u00dfen-Abriss-17-250x177.jpg 250w\" sizes=\"auto, (max-width: 1169px) 100vw, 1169px\" \/><\/a><\/figure><\/li><li class=\"blocks-gallery-item\"><figure><a href=\"https:\/\/gerd-stauder.de\/wp-content\/uploads\/2020\/06\/Hochstra\u00dfen-Abriss-16.jpg\" data-lbwps-width=\"1169\" data-lbwps-height=\"826\" data-lbwps-srcsmall=\"https:\/\/gerd-stauder.de\/wp-content\/uploads\/2020\/06\/Hochstra\u00dfen-Abriss-16-600x424.jpg\"><img loading=\"lazy\" decoding=\"async\" width=\"1169\" height=\"826\" src=\"https:\/\/gerd-stauder.de\/wp-content\/uploads\/2020\/06\/Hochstra\u00dfen-Abriss-16.jpg\" alt=\"\" data-id=\"7670\" data-full-url=\"https:\/\/gerd-stauder.de\/wp-content\/uploads\/2020\/06\/Hochstra\u00dfen-Abriss-16.jpg\" data-link=\"https:\/\/gerd-stauder.de\/?attachment_id=7670\" class=\"wp-image-7670\" srcset=\"https:\/\/gerd-stauder.de\/wp-content\/uploads\/2020\/06\/Hochstra\u00dfen-Abriss-16.jpg 1169w, https:\/\/gerd-stauder.de\/wp-content\/uploads\/2020\/06\/Hochstra\u00dfen-Abriss-16-600x424.jpg 600w, https:\/\/gerd-stauder.de\/wp-content\/uploads\/2020\/06\/Hochstra\u00dfen-Abriss-16-768x543.jpg 768w, https:\/\/gerd-stauder.de\/wp-content\/uploads\/2020\/06\/Hochstra\u00dfen-Abriss-16-250x177.jpg 250w\" sizes=\"auto, (max-width: 1169px) 100vw, 1169px\" \/><\/a><\/figure><\/li><li class=\"blocks-gallery-item\"><figure><a href=\"https:\/\/gerd-stauder.de\/wp-content\/uploads\/2020\/06\/Hochstra\u00dfen-Abriss-15.jpg\" data-lbwps-width=\"1169\" data-lbwps-height=\"826\" data-lbwps-srcsmall=\"https:\/\/gerd-stauder.de\/wp-content\/uploads\/2020\/06\/Hochstra\u00dfen-Abriss-15-600x424.jpg\"><img loading=\"lazy\" decoding=\"async\" width=\"1169\" height=\"826\" src=\"https:\/\/gerd-stauder.de\/wp-content\/uploads\/2020\/06\/Hochstra\u00dfen-Abriss-15.jpg\" alt=\"\" data-id=\"7669\" data-full-url=\"https:\/\/gerd-stauder.de\/wp-content\/uploads\/2020\/06\/Hochstra\u00dfen-Abriss-15.jpg\" data-link=\"https:\/\/gerd-stauder.de\/?attachment_id=7669\" class=\"wp-image-7669\" srcset=\"https:\/\/gerd-stauder.de\/wp-content\/uploads\/2020\/06\/Hochstra\u00dfen-Abriss-15.jpg 1169w, https:\/\/gerd-stauder.de\/wp-content\/uploads\/2020\/06\/Hochstra\u00dfen-Abriss-15-600x424.jpg 600w, https:\/\/gerd-stauder.de\/wp-content\/uploads\/2020\/06\/Hochstra\u00dfen-Abriss-15-768x543.jpg 768w, https:\/\/gerd-stauder.de\/wp-content\/uploads\/2020\/06\/Hochstra\u00dfen-Abriss-15-250x177.jpg 250w\" sizes=\"auto, (max-width: 1169px) 100vw, 1169px\" \/><\/a><\/figure><\/li><li class=\"blocks-gallery-item\"><figure><a href=\"https:\/\/gerd-stauder.de\/wp-content\/uploads\/2020\/06\/Hochstra\u00dfen-Abriss-14.jpg\" data-lbwps-width=\"826\" data-lbwps-height=\"1169\" data-lbwps-srcsmall=\"https:\/\/gerd-stauder.de\/wp-content\/uploads\/2020\/06\/Hochstra\u00dfen-Abriss-14-424x600.jpg\"><img loading=\"lazy\" decoding=\"async\" width=\"742\" height=\"1050\" src=\"https:\/\/gerd-stauder.de\/wp-content\/uploads\/2020\/06\/Hochstra\u00dfen-Abriss-14-742x1050.jpg\" alt=\"\" data-id=\"7668\" data-full-url=\"https:\/\/gerd-stauder.de\/wp-content\/uploads\/2020\/06\/Hochstra\u00dfen-Abriss-14.jpg\" data-link=\"https:\/\/gerd-stauder.de\/?attachment_id=7668\" class=\"wp-image-7668\" srcset=\"https:\/\/gerd-stauder.de\/wp-content\/uploads\/2020\/06\/Hochstra\u00dfen-Abriss-14-742x1050.jpg 742w, https:\/\/gerd-stauder.de\/wp-content\/uploads\/2020\/06\/Hochstra\u00dfen-Abriss-14-424x600.jpg 424w, https:\/\/gerd-stauder.de\/wp-content\/uploads\/2020\/06\/Hochstra\u00dfen-Abriss-14-768x1087.jpg 768w, https:\/\/gerd-stauder.de\/wp-content\/uploads\/2020\/06\/Hochstra\u00dfen-Abriss-14-250x354.jpg 250w, https:\/\/gerd-stauder.de\/wp-content\/uploads\/2020\/06\/Hochstra\u00dfen-Abriss-14.jpg 826w\" sizes=\"auto, (max-width: 742px) 100vw, 742px\" \/><\/a><\/figure><\/li><\/ul><\/figure>\n","protected":false},"excerpt":{"rendered":"<p>Lange Zeit war die Stra\u00dfe ein Symbol f\u00fcr aufstrebende Wirtschaft, Fortschritt und dynamische Abl\u00e4ufe. Aber der Gedanke da\u00df Kaufkraft durch die Stadt auf die andere Seite des Rheines flie\u00dft, hat nach meiner Ansicht dazu gef\u00fchrt, da\u00df man sich bei den Verantwortlichen der Stadt nicht gro\u00df bem\u00fcht hat, dieses Symbol zu herhalten.Nach und nach wurde es&hellip;<\/p>\n","protected":false},"author":1,"featured_media":7655,"comment_status":"open","ping_status":"open","sticky":false,"template":"","format":"standard","meta":{"footnotes":""},"categories":[2],"tags":[313,137,154],"class_list":["post-7677","post","type-post","status-publish","format-standard","has-post-thumbnail","hentry","category-aktuelle-fotos","tag-abriss","tag-hochstrasse","tag-ludwigshafen","post-grid-3-col","entry"],"post_mailing_queue_ids":[],"_links":{"self":[{"href":"https:\/\/gerd-stauder.de\/index.php?rest_route=\/wp\/v2\/posts\/7677","targetHints":{"allow":["GET"]}}],"collection":[{"href":"https:\/\/gerd-stauder.de\/index.php?rest_route=\/wp\/v2\/posts"}],"about":[{"href":"https:\/\/gerd-stauder.de\/index.php?rest_route=\/wp\/v2\/types\/post"}],"author":[{"embeddable":true,"href":"https:\/\/gerd-stauder.de\/index.php?rest_route=\/wp\/v2\/users\/1"}],"replies":[{"embeddable":true,"href":"https:\/\/gerd-stauder.de\/index.php?rest_route=%2Fwp%2Fv2%2Fcomments&post=7677"}],"version-history":[{"count":1,"href":"https:\/\/gerd-stauder.de\/index.php?rest_route=\/wp\/v2\/posts\/7677\/revisions"}],"predecessor-version":[{"id":7678,"href":"https:\/\/gerd-stauder.de\/index.php?rest_route=\/wp\/v2\/posts\/7677\/revisions\/7678"}],"wp:featuredmedia":[{"embeddable":true,"href":"https:\/\/gerd-stauder.de\/index.php?rest_route=\/wp\/v2\/media\/7655"}],"wp:attachment":[{"href":"https:\/\/gerd-stauder.de\/index.php?rest_route=%2Fwp%2Fv2%2Fmedia&parent=7677"}],"wp:term":[{"taxonomy":"category","embeddable":true,"href":"https:\/\/gerd-stauder.de\/index.php?rest_route=%2Fwp%2Fv2%2Fcategories&post=7677"},{"taxonomy":"post_tag","embeddable":true,"href":"https:\/\/gerd-stauder.de\/index.php?rest_route=%2Fwp%2Fv2%2Ftags&post=7677"}],"curies":[{"name":"wp","href":"https:\/\/api.w.org\/{rel}","templated":true}]}}