{"id":2430,"date":"2018-03-10T11:44:19","date_gmt":"2018-03-10T09:44:19","guid":{"rendered":"http:\/\/gerdstauder.com\/?p=2430"},"modified":"2024-02-26T21:45:32","modified_gmt":"2024-02-26T21:45:32","slug":"oggersheim-im-maerz","status":"publish","type":"post","link":"https:\/\/gerd-stauder.de\/?p=2430","title":{"rendered":"Oggersheim im M\u00e4rz"},"content":{"rendered":"<p>Der Morgen war kalt und feucht, eigentlich nicht zum Fotografieren gemacht, aber wie hei\u00df es so sch\u00f6n, an sonnigen Tagen kann jeder. Einige besondere Ansichten waren es doch wert festgehalten zu werden.<\/p>\n<div id='gallery-1' class='gallery galleryid-2430 gallery-columns-3 gallery-size-thumbnail'><figure class='gallery-item'>\n\t\t\t<div class='gallery-icon landscape'>\n\t\t\t\t<a href='https:\/\/gerd-stauder.de\/wp-content\/uploads\/2018\/03\/dsc00247.jpg'><img loading=\"lazy\" decoding=\"async\" width=\"200\" height=\"200\" src=\"https:\/\/gerd-stauder.de\/wp-content\/uploads\/2018\/03\/dsc00247-300x300.jpg\" class=\"attachment-thumbnail size-thumbnail\" alt=\"\" itemprop=\"image\" \/><\/a>\n\t\t\t<\/div><\/figure><figure class='gallery-item'>\n\t\t\t<div class='gallery-icon landscape'>\n\t\t\t\t<a href='https:\/\/gerd-stauder.de\/wp-content\/uploads\/2018\/03\/dsc00258.jpg'><img loading=\"lazy\" decoding=\"async\" width=\"200\" height=\"200\" src=\"https:\/\/gerd-stauder.de\/wp-content\/uploads\/2018\/03\/dsc00258-300x300.jpg\" class=\"attachment-thumbnail size-thumbnail\" alt=\"\" itemprop=\"image\" \/><\/a>\n\t\t\t<\/div><\/figure><figure class='gallery-item'>\n\t\t\t<div class='gallery-icon portrait'>\n\t\t\t\t<a href='https:\/\/gerd-stauder.de\/wp-content\/uploads\/2018\/03\/dsc00268.jpg'><img loading=\"lazy\" decoding=\"async\" width=\"200\" height=\"200\" src=\"https:\/\/gerd-stauder.de\/wp-content\/uploads\/2018\/03\/dsc00268-300x300.jpg\" class=\"attachment-thumbnail size-thumbnail\" alt=\"\" itemprop=\"image\" \/><\/a>\n\t\t\t<\/div><\/figure><figure class='gallery-item'>\n\t\t\t<div class='gallery-icon landscape'>\n\t\t\t\t<a href='https:\/\/gerd-stauder.de\/wp-content\/uploads\/2018\/03\/dsc00271.jpg'><img loading=\"lazy\" decoding=\"async\" width=\"200\" height=\"200\" src=\"https:\/\/gerd-stauder.de\/wp-content\/uploads\/2018\/03\/dsc00271-300x300.jpg\" class=\"attachment-thumbnail size-thumbnail\" alt=\"\" itemprop=\"image\" \/><\/a>\n\t\t\t<\/div><\/figure><figure class='gallery-item'>\n\t\t\t<div class='gallery-icon landscape'>\n\t\t\t\t<a href='https:\/\/gerd-stauder.de\/wp-content\/uploads\/2018\/03\/dsc00273-e1520674935432.jpg'><img loading=\"lazy\" decoding=\"async\" width=\"200\" height=\"200\" src=\"https:\/\/gerd-stauder.de\/wp-content\/uploads\/2018\/03\/dsc00273-e1520674935432-300x300.jpg\" class=\"attachment-thumbnail size-thumbnail\" alt=\"\" itemprop=\"image\" \/><\/a>\n\t\t\t<\/div><\/figure><figure class='gallery-item'>\n\t\t\t<div class='gallery-icon landscape'>\n\t\t\t\t<a href='https:\/\/gerd-stauder.de\/wp-content\/uploads\/2018\/03\/dsc00274.jpg'><img loading=\"lazy\" decoding=\"async\" width=\"200\" height=\"200\" src=\"https:\/\/gerd-stauder.de\/wp-content\/uploads\/2018\/03\/dsc00274-300x300.jpg\" class=\"attachment-thumbnail size-thumbnail\" alt=\"\" itemprop=\"image\" \/><\/a>\n\t\t\t<\/div><\/figure><figure class='gallery-item'>\n\t\t\t<div class='gallery-icon landscape'>\n\t\t\t\t<a href='https:\/\/gerd-stauder.de\/wp-content\/uploads\/2018\/03\/dsc00275.jpg'><img loading=\"lazy\" decoding=\"async\" width=\"200\" height=\"200\" src=\"https:\/\/gerd-stauder.de\/wp-content\/uploads\/2018\/03\/dsc00275-300x300.jpg\" class=\"attachment-thumbnail size-thumbnail\" alt=\"\" itemprop=\"image\" \/><\/a>\n\t\t\t<\/div><\/figure><figure class='gallery-item'>\n\t\t\t<div class='gallery-icon landscape'>\n\t\t\t\t<a href='https:\/\/gerd-stauder.de\/wp-content\/uploads\/2018\/03\/dsc00301.jpg'><img loading=\"lazy\" decoding=\"async\" width=\"200\" height=\"200\" src=\"https:\/\/gerd-stauder.de\/wp-content\/uploads\/2018\/03\/dsc00301-300x300.jpg\" class=\"attachment-thumbnail size-thumbnail\" alt=\"\" itemprop=\"image\" \/><\/a>\n\t\t\t<\/div><\/figure>\n\t\t<\/div>\n\n","protected":false},"excerpt":{"rendered":"<p>Der Morgen war kalt und feucht, eigentlich nicht zum Fotografieren gemacht, aber wie hei\u00df es so sch\u00f6n, an sonnigen Tagen kann jeder. Einige besondere Ansichten waren es doch wert festgehalten zu werden.<\/p>\n","protected":false},"author":1,"featured_media":2435,"comment_status":"open","ping_status":"open","sticky":false,"template":"","format":"standard","meta":{"footnotes":""},"categories":[2],"tags":[],"class_list":["post-2430","post","type-post","status-publish","format-standard","has-post-thumbnail","hentry","category-aktuelle-fotos","post-grid-3-col","entry"],"post_mailing_queue_ids":[],"_links":{"self":[{"href":"https:\/\/gerd-stauder.de\/index.php?rest_route=\/wp\/v2\/posts\/2430","targetHints":{"allow":["GET"]}}],"collection":[{"href":"https:\/\/gerd-stauder.de\/index.php?rest_route=\/wp\/v2\/posts"}],"about":[{"href":"https:\/\/gerd-stauder.de\/index.php?rest_route=\/wp\/v2\/types\/post"}],"author":[{"embeddable":true,"href":"https:\/\/gerd-stauder.de\/index.php?rest_route=\/wp\/v2\/users\/1"}],"replies":[{"embeddable":true,"href":"https:\/\/gerd-stauder.de\/index.php?rest_route=%2Fwp%2Fv2%2Fcomments&post=2430"}],"version-history":[{"count":1,"href":"https:\/\/gerd-stauder.de\/index.php?rest_route=\/wp\/v2\/posts\/2430\/revisions"}],"predecessor-version":[{"id":3149,"href":"https:\/\/gerd-stauder.de\/index.php?rest_route=\/wp\/v2\/posts\/2430\/revisions\/3149"}],"wp:featuredmedia":[{"embeddable":true,"href":"https:\/\/gerd-stauder.de\/index.php?rest_route=\/wp\/v2\/media\/2435"}],"wp:attachment":[{"href":"https:\/\/gerd-stauder.de\/index.php?rest_route=%2Fwp%2Fv2%2Fmedia&parent=2430"}],"wp:term":[{"taxonomy":"category","embeddable":true,"href":"https:\/\/gerd-stauder.de\/index.php?rest_route=%2Fwp%2Fv2%2Fcategories&post=2430"},{"taxonomy":"post_tag","embeddable":true,"href":"https:\/\/gerd-stauder.de\/index.php?rest_route=%2Fwp%2Fv2%2Ftags&post=2430"}],"curies":[{"name":"wp","href":"https:\/\/api.w.org\/{rel}","templated":true}]}}