{"id":1274,"date":"2017-10-08T18:48:26","date_gmt":"2017-10-08T16:48:26","guid":{"rendered":"http:\/\/gerdstauder.com\/?p=1274"},"modified":"2024-02-26T21:47:58","modified_gmt":"2024-02-26T21:47:58","slug":"nachtpanoramen-ludwigshafen","status":"publish","type":"post","link":"https:\/\/gerd-stauder.de\/?p=1274","title":{"rendered":"Nachtpanoramen &#8211; Ludwigshafen"},"content":{"rendered":"<p>Diese Serie ist zwischen einer \u00fcber 2 Jahren laufenden selbst gestellten Fotoarbeit entstanden.<\/p>\n<p>Im Dezember 2009 erf\u00fcllten sich meine W\u00fcnsche was Licht und Morgenstimmung betraf. Leichter Nebel vom Schreiberweiher und vom Bruch zauberten eine verwunschene Landschaft.<\/p>\n<p>18 Bilder mit einer Canon, Crop 1.3 ergaben einen Schwenk von ca.- 260\u00b0 . Das zusammen gerechnete Bild hatte eine L\u00e4nge 360 cm. Das dies doch etwas unhandlich war wurde das Bild in 4 Abschnitte unterteilt, die Vergr\u00f6\u00dferungen zu 90&#215;30 cm erm\u00f6glichten.<\/p>\n<p style=\"text-align: center;\">Die Angaben \u00fcber sehenswertes sind von links nach rechts zu sehen.<\/p>\n<div id='gallery-1' class='gallery galleryid-1274 gallery-columns-1 gallery-size-full'><figure class='gallery-item'>\n\t\t\t<div class='gallery-icon landscape'>\n\t\t\t\t<a href='https:\/\/gerd-stauder.de\/wp-content\/uploads\/2017\/10\/lu-05.jpg'><img loading=\"lazy\" decoding=\"async\" width=\"2160\" height=\"780\" src=\"https:\/\/gerd-stauder.de\/wp-content\/uploads\/2017\/10\/lu-05.jpg\" class=\"attachment-full size-full\" alt=\"\" aria-describedby=\"gallery-1-1280\" srcset=\"https:\/\/gerd-stauder.de\/wp-content\/uploads\/2017\/10\/lu-05.jpg 2160w, https:\/\/gerd-stauder.de\/wp-content\/uploads\/2017\/10\/lu-05-600x217.jpg 600w, https:\/\/gerd-stauder.de\/wp-content\/uploads\/2017\/10\/lu-05-768x277.jpg 768w, https:\/\/gerd-stauder.de\/wp-content\/uploads\/2017\/10\/lu-05-1400x506.jpg 1400w, https:\/\/gerd-stauder.de\/wp-content\/uploads\/2017\/10\/lu-05-720x260.jpg 720w, https:\/\/gerd-stauder.de\/wp-content\/uploads\/2017\/10\/lu-05-560x202.jpg 560w\" sizes=\"auto, (max-width: 2160px) 100vw, 2160px\" itemprop=\"image\" \/><\/a>\n\t\t\t<\/div>\n\t\t\t\t<figcaption class='wp-caption-text gallery-caption' id='gallery-1-1280'>\n\t\t\t\tGewerbegebiet, Oggersheim West, Hochhaus in Frankenthal, Wallfahrtskirche\n\t\t\t\t<\/figcaption><\/figure><figure class='gallery-item'>\n\t\t\t<div class='gallery-icon landscape'>\n\t\t\t\t<a href='https:\/\/gerd-stauder.de\/wp-content\/uploads\/2017\/10\/lu-02-1.jpg'><img loading=\"lazy\" decoding=\"async\" width=\"2160\" height=\"846\" src=\"https:\/\/gerd-stauder.de\/wp-content\/uploads\/2017\/10\/lu-02-1.jpg\" class=\"attachment-full size-full\" alt=\"\" aria-describedby=\"gallery-1-1277\" srcset=\"https:\/\/gerd-stauder.de\/wp-content\/uploads\/2017\/10\/lu-02-1.jpg 2160w, https:\/\/gerd-stauder.de\/wp-content\/uploads\/2017\/10\/lu-02-1-600x235.jpg 600w, https:\/\/gerd-stauder.de\/wp-content\/uploads\/2017\/10\/lu-02-1-768x301.jpg 768w, https:\/\/gerd-stauder.de\/wp-content\/uploads\/2017\/10\/lu-02-1-1400x548.jpg 1400w, https:\/\/gerd-stauder.de\/wp-content\/uploads\/2017\/10\/lu-02-1-720x282.jpg 720w, https:\/\/gerd-stauder.de\/wp-content\/uploads\/2017\/10\/lu-02-1-560x219.jpg 560w\" sizes=\"auto, (max-width: 2160px) 100vw, 2160px\" itemprop=\"image\" \/><\/a>\n\t\t\t<\/div>\n\t\t\t\t<figcaption class='wp-caption-text gallery-caption' id='gallery-1-1277'>\n\t\t\t\tBASF, M\u00fcllverbrennung, Rathaus, Fernmeldeturm\n\t\t\t\t<\/figcaption><\/figure><figure class='gallery-item'>\n\t\t\t<div class='gallery-icon landscape'>\n\t\t\t\t<a href='https:\/\/gerd-stauder.de\/wp-content\/uploads\/2017\/10\/lu-01.jpg'><img loading=\"lazy\" decoding=\"async\" width=\"2160\" height=\"793\" src=\"https:\/\/gerd-stauder.de\/wp-content\/uploads\/2017\/10\/lu-01.jpg\" class=\"attachment-full size-full\" alt=\"\" aria-describedby=\"gallery-1-1276\" srcset=\"https:\/\/gerd-stauder.de\/wp-content\/uploads\/2017\/10\/lu-01.jpg 2160w, https:\/\/gerd-stauder.de\/wp-content\/uploads\/2017\/10\/lu-01-600x220.jpg 600w, https:\/\/gerd-stauder.de\/wp-content\/uploads\/2017\/10\/lu-01-768x282.jpg 768w, https:\/\/gerd-stauder.de\/wp-content\/uploads\/2017\/10\/lu-01-1400x514.jpg 1400w, https:\/\/gerd-stauder.de\/wp-content\/uploads\/2017\/10\/lu-01-720x264.jpg 720w, https:\/\/gerd-stauder.de\/wp-content\/uploads\/2017\/10\/lu-01-560x206.jpg 560w\" sizes=\"auto, (max-width: 2160px) 100vw, 2160px\" itemprop=\"image\" \/><\/a>\n\t\t\t<\/div>\n\t\t\t\t<figcaption class='wp-caption-text gallery-caption' id='gallery-1-1276'>\n\t\t\t\tFernmeldeturm Mannheim,Viktoria Hochhaus, Gartenstadt, Container Hafen, Wohnblocks Maudacher Strasse\n\t\t\t\t<\/figcaption><\/figure><figure class='gallery-item'>\n\t\t\t<div class='gallery-icon landscape'>\n\t\t\t\t<a href='https:\/\/gerd-stauder.de\/wp-content\/uploads\/2017\/10\/lu-04.jpg'><img loading=\"lazy\" decoding=\"async\" width=\"2160\" height=\"845\" src=\"https:\/\/gerd-stauder.de\/wp-content\/uploads\/2017\/10\/lu-04.jpg\" class=\"attachment-full size-full\" alt=\"\" aria-describedby=\"gallery-1-1279\" srcset=\"https:\/\/gerd-stauder.de\/wp-content\/uploads\/2017\/10\/lu-04.jpg 2160w, https:\/\/gerd-stauder.de\/wp-content\/uploads\/2017\/10\/lu-04-600x235.jpg 600w, https:\/\/gerd-stauder.de\/wp-content\/uploads\/2017\/10\/lu-04-768x300.jpg 768w, https:\/\/gerd-stauder.de\/wp-content\/uploads\/2017\/10\/lu-04-1400x548.jpg 1400w, https:\/\/gerd-stauder.de\/wp-content\/uploads\/2017\/10\/lu-04-720x282.jpg 720w, https:\/\/gerd-stauder.de\/wp-content\/uploads\/2017\/10\/lu-04-560x219.jpg 560w\" sizes=\"auto, (max-width: 2160px) 100vw, 2160px\" itemprop=\"image\" \/><\/a>\n\t\t\t<\/div>\n\t\t\t\t<figcaption class='wp-caption-text gallery-caption' id='gallery-1-1279'>\n\t\t\t\tFahrzeuge auf der Meckenheimer Str., Fa. W\u00f6llner, Rheing\u00f6nheim, Fa. V\u00f6gle im Bau, im Vordergrund Maudach\n\t\t\t\t<\/figcaption><\/figure>\n\t\t<\/div>\n\n","protected":false},"excerpt":{"rendered":"<p>Diese Serie ist zwischen einer \u00fcber 2 Jahren laufenden selbst gestellten Fotoarbeit entstanden. Im Dezember 2009 erf\u00fcllten sich meine W\u00fcnsche was Licht und Morgenstimmung betraf. Leichter Nebel vom Schreiberweiher und vom Bruch zauberten eine verwunschene Landschaft. 18 Bilder mit einer Canon, Crop 1.3 ergaben einen Schwenk von ca.- 260\u00b0 . Das zusammen gerechnete Bild hatte&hellip;<\/p>\n","protected":false},"author":1,"featured_media":1278,"comment_status":"open","ping_status":"open","sticky":false,"template":"","format":"standard","meta":{"footnotes":""},"categories":[2],"tags":[154,167,171],"class_list":["post-1274","post","type-post","status-publish","format-standard","has-post-thumbnail","hentry","category-aktuelle-fotos","tag-ludwigshafen","tag-nachtaufnahmen","tag-panorama","post-grid-3-col","entry"],"post_mailing_queue_ids":[],"_links":{"self":[{"href":"https:\/\/gerd-stauder.de\/index.php?rest_route=\/wp\/v2\/posts\/1274","targetHints":{"allow":["GET"]}}],"collection":[{"href":"https:\/\/gerd-stauder.de\/index.php?rest_route=\/wp\/v2\/posts"}],"about":[{"href":"https:\/\/gerd-stauder.de\/index.php?rest_route=\/wp\/v2\/types\/post"}],"author":[{"embeddable":true,"href":"https:\/\/gerd-stauder.de\/index.php?rest_route=\/wp\/v2\/users\/1"}],"replies":[{"embeddable":true,"href":"https:\/\/gerd-stauder.de\/index.php?rest_route=%2Fwp%2Fv2%2Fcomments&post=1274"}],"version-history":[{"count":4,"href":"https:\/\/gerd-stauder.de\/index.php?rest_route=\/wp\/v2\/posts\/1274\/revisions"}],"predecessor-version":[{"id":4171,"href":"https:\/\/gerd-stauder.de\/index.php?rest_route=\/wp\/v2\/posts\/1274\/revisions\/4171"}],"wp:featuredmedia":[{"embeddable":true,"href":"https:\/\/gerd-stauder.de\/index.php?rest_route=\/wp\/v2\/media\/1278"}],"wp:attachment":[{"href":"https:\/\/gerd-stauder.de\/index.php?rest_route=%2Fwp%2Fv2%2Fmedia&parent=1274"}],"wp:term":[{"taxonomy":"category","embeddable":true,"href":"https:\/\/gerd-stauder.de\/index.php?rest_route=%2Fwp%2Fv2%2Fcategories&post=1274"},{"taxonomy":"post_tag","embeddable":true,"href":"https:\/\/gerd-stauder.de\/index.php?rest_route=%2Fwp%2Fv2%2Ftags&post=1274"}],"curies":[{"name":"wp","href":"https:\/\/api.w.org\/{rel}","templated":true}]}}